{"id":59791,"date":"2026-09-02T18:21:15","date_gmt":"2026-09-03T00:21:15","guid":{"rendered":"https:\/\/magazineautomotor.com.mx\/sitio\/?p=59791"},"modified":"2026-09-02T18:21:16","modified_gmt":"2026-09-03T00:21:16","slug":"vwm-suspendio-indefinidamente-el-tercer-turno-y-despide-trabajadores","status":"publish","type":"post","link":"https:\/\/magazineautomotor.com.mx\/sitio\/vwm-suspendio-indefinidamente-el-tercer-turno-y-despide-trabajadores\/","title":{"rendered":"VWM suspendi\u00f3 indefinidamente el tercer turno y despide trabajadores"},"content":{"rendered":"<div class=\"fcbkbttn_buttons_block\" id=\"fcbkbttn_left\"><div class=\"fcbkbttn_like \"><fb:like href=\"https:\/\/magazineautomotor.com.mx\/sitio\/vwm-suspendio-indefinidamente-el-tercer-turno-y-despide-trabajadores\/\" action=\"like\" colorscheme=\"light\" layout=\"standard\"  width=\"450px\" size=\"small\"><\/fb:like><\/div><div class=\"fb-share-button  \" data-href=\"https:\/\/magazineautomotor.com.mx\/sitio\/vwm-suspendio-indefinidamente-el-tercer-turno-y-despide-trabajadores\/\" data-type=\"button_count\" data-size=\"small\"><\/div><\/div><div class=\"pntrst_main_before_after\"><div class=\"pntrst-button-wrap \" >\r\n\t\t\t\t\t\t\t<a  data-pin-do=\"buttonFollow\" href=\"https:\/\/www.pinterest.com\/Magazine Automotor\/\">Follow me<\/a>\r\n\t\t\t\t\t\t<\/div><\/div><div class=\"twttr_buttons\"><div class=\"twttr_twitter\">\n\t\t\t\t\t<a href=\"http:\/\/twitter.com\/share?text=VWM+suspendi%C3%B3+indefinidamente+el+tercer+turno+y+despide+trabajadores\" class=\"twitter-share-button\" data-via=\"@magazinedeautos\" data-hashtags=\"\"  data-size=\"default\" data-url=\"https:\/\/magazineautomotor.com.mx\/sitio\/vwm-suspendio-indefinidamente-el-tercer-turno-y-despide-trabajadores\/\"  data-related=\"magazinedeautos\" target=\"_blank\">Tweet<\/a>\n\t\t\t\t<\/div><div class=\"twttr_followme\">\n\t\t\t\t\t\t<a href=\"https:\/\/twitter.com\/@magazinedeautos\" class=\"twitter-follow-button\" data-size=\"default\"  data-show-screen-name=\"true\"  target=\"_blank\">Follow me<\/a>\n\t\t\t\t\t<\/div><\/div>\n<ul class=\"wp-block-list\">\n<li class=\"has-medium-font-size\">Bajar\u00e1 el volumen de producci\u00f3n del Tiguan y del Jetta<\/li>\n\n\n\n<li class=\"has-medium-font-size\">\u00abFrente a un contexto desafiante para la industria automotriz a nivel mundial\u00bb<\/li>\n\n\n\n<li class=\"has-medium-font-size\">\u00abAjustar\u00e1 sus capacidades de producci\u00f3n acorde a las condiciones actuales de sus mercados clave\u00bb<\/li>\n<\/ul>\n\n\n\n<p class=\"wp-block-paragraph\">Volkswagen de M\u00e9xico ha informado que ha suspendido indefinidamente el tercer turno, con lo que bajar\u00e1 el volumen de producci\u00f3n del Tiguan y del Jetta. \u00abFrente a un contexto desafiante para la industria automotriz a nivel mundial y en la regi\u00f3n Norteam\u00e9rica; Volkswagen de M\u00e9xico ajustar\u00e1 sus capacidades de producci\u00f3n en la planta de Puebla acorde a las condiciones actuales de sus mercados clave\u00bb, es lo que delatar la empresa en su comunicado oficial.<\/p>\n\n\n\n<p class=\"wp-block-paragraph\">Con la suspensi\u00f3n del tercer turno, la compa\u00f1\u00eda alemana tambi\u00e9n ha despedido a casi 800 empleados de l\u00ednea, algo que el Sindicato Independiente de Trabajadores de la Industria Automotriz Volkswagen de M\u00e9xico (SITIAVW), afirma que no hab\u00eda sido informado.  El\u00a0sindicato\u00a0rechaz\u00f3 que haya negociado el despido de trabajadores durante las negociaciones del nuevo contrato colectivo de trabajo que concluyeron el pasado 26 de agosto.<\/p>\n\n\n\n<p class=\"wp-block-paragraph\">Esto sucedi\u00f3 despu\u00e9s de que el sindicato aceptara la propuesta salarial y contractual de la compa\u00f1\u00eda, la cual se llev\u00f3 m\u00e1s de dos meses, muchas reuniones y dos pr\u00f3rrogas de huelga. Aunque dicha propuesta ha sido aceptada por el sindicato a\u00fan la va a someter a votaci\u00f3n con los trabajadores el 11 de septiembre para que sea ratificada o rechazada. <\/p>\n<div class=\"pntrst_main_before_after\"><\/div>","protected":false},"excerpt":{"rendered":"<p>Follow me Volkswagen de M\u00e9xico ha informado que ha suspendido indefinidamente el tercer turno, con lo que bajar\u00e1 el volumen de producci\u00f3n del Tiguan y&hellip; <\/p>\n","protected":false},"author":2,"featured_media":20551,"comment_status":"open","ping_status":"closed","sticky":false,"template":"","format":"standard","meta":{"_seopress_titles_title":"","_seopress_titles_desc":"","_seopress_robots_index":"","_seopress_robots_follow":"","_seopress_robots_imageindex":"","_seopress_robots_snippet":"","_seopress_robots_primary_cat":"","_seopress_robots_breadcrumbs":"","_seopress_robots_freeze_modified_date":"","_seopress_robots_custom_modified_date":"","_seopress_robots_canonical":"","_seopress_social_fb_title":"","_seopress_social_fb_desc":"","_seopress_social_fb_img":"","_seopress_social_fb_img_attachment_id":0,"_seopress_social_fb_img_width":0,"_seopress_social_fb_img_height":0,"_seopress_social_twitter_title":"","_seopress_social_twitter_desc":"","_seopress_social_twitter_img":"","_seopress_social_twitter_img_attachment_id":0,"_seopress_social_twitter_img_width":0,"_seopress_social_twitter_img_height":0,"_seopress_redirections_value":"","_seopress_redirections_enabled":"","_seopress_redirections_enabled_regex":"","_seopress_redirections_logged_status":"","_seopress_redirections_param":"","_seopress_redirections_type":0,"_seopress_analysis_target_kw":"","footnotes":""},"categories":[2309],"tags":[1112,305,715,58,55],"class_list":["post-59791","post","type-post","status-publish","format-standard","has-post-thumbnail","hentry","category-nacionales","tag-huelga","tag-produccion","tag-sindicato","tag-volkswagen","tag-vw"],"_links":{"self":[{"href":"https:\/\/magazineautomotor.com.mx\/sitio\/wp-json\/wp\/v2\/posts\/59791","targetHints":{"allow":["GET"]}}],"collection":[{"href":"https:\/\/magazineautomotor.com.mx\/sitio\/wp-json\/wp\/v2\/posts"}],"about":[{"href":"https:\/\/magazineautomotor.com.mx\/sitio\/wp-json\/wp\/v2\/types\/post"}],"author":[{"embeddable":true,"href":"https:\/\/magazineautomotor.com.mx\/sitio\/wp-json\/wp\/v2\/users\/2"}],"replies":[{"embeddable":true,"href":"https:\/\/magazineautomotor.com.mx\/sitio\/wp-json\/wp\/v2\/comments?post=59791"}],"version-history":[{"count":2,"href":"https:\/\/magazineautomotor.com.mx\/sitio\/wp-json\/wp\/v2\/posts\/59791\/revisions"}],"predecessor-version":[{"id":59807,"href":"https:\/\/magazineautomotor.com.mx\/sitio\/wp-json\/wp\/v2\/posts\/59791\/revisions\/59807"}],"wp:featuredmedia":[{"embeddable":true,"href":"https:\/\/magazineautomotor.com.mx\/sitio\/wp-json\/wp\/v2\/media\/20551"}],"wp:attachment":[{"href":"https:\/\/magazineautomotor.com.mx\/sitio\/wp-json\/wp\/v2\/media?parent=59791"}],"wp:term":[{"taxonomy":"category","embeddable":true,"href":"https:\/\/magazineautomotor.com.mx\/sitio\/wp-json\/wp\/v2\/categories?post=59791"},{"taxonomy":"post_tag","embeddable":true,"href":"https:\/\/magazineautomotor.com.mx\/sitio\/wp-json\/wp\/v2\/tags?post=59791"}],"curies":[{"name":"wp","href":"https:\/\/api.w.org\/{rel}","templated":true}]}}