{"id":59808,"date":"2026-09-02T18:31:52","date_gmt":"2026-09-03T00:31:52","guid":{"rendered":"https:\/\/magazineautomotor.com.mx\/sitio\/?p=59808"},"modified":"2026-09-02T18:31:52","modified_gmt":"2026-09-03T00:31:52","slug":"subio-2-3-la-venta-de-autos-nuevos-en-agosto-amda","status":"publish","type":"post","link":"https:\/\/magazineautomotor.com.mx\/sitio\/subio-2-3-la-venta-de-autos-nuevos-en-agosto-amda\/","title":{"rendered":"Subi\u00f3 2.3% la venta de autos nuevos en agosto: AMDA"},"content":{"rendered":"<div class=\"fcbkbttn_buttons_block\" id=\"fcbkbttn_left\"><div class=\"fcbkbttn_like \"><fb:like href=\"https:\/\/magazineautomotor.com.mx\/sitio\/subio-2-3-la-venta-de-autos-nuevos-en-agosto-amda\/\" action=\"like\" colorscheme=\"light\" layout=\"standard\"  width=\"450px\" size=\"small\"><\/fb:like><\/div><div class=\"fb-share-button  \" data-href=\"https:\/\/magazineautomotor.com.mx\/sitio\/subio-2-3-la-venta-de-autos-nuevos-en-agosto-amda\/\" data-type=\"button_count\" data-size=\"small\"><\/div><\/div><div class=\"pntrst_main_before_after\"><div class=\"pntrst-button-wrap \" >\r\n\t\t\t\t\t\t\t<a  data-pin-do=\"buttonFollow\" href=\"https:\/\/www.pinterest.com\/Magazine Automotor\/\">Follow me<\/a>\r\n\t\t\t\t\t\t<\/div><\/div><div class=\"twttr_buttons\"><div class=\"twttr_twitter\">\n\t\t\t\t\t<a href=\"http:\/\/twitter.com\/share?text=Subi%C3%B3+2.3%25+la+venta+de+autos+nuevos+en+agosto%3A+AMDA\" class=\"twitter-share-button\" data-via=\"@magazinedeautos\" data-hashtags=\"\"  data-size=\"default\" data-url=\"https:\/\/magazineautomotor.com.mx\/sitio\/subio-2-3-la-venta-de-autos-nuevos-en-agosto-amda\/\"  data-related=\"magazinedeautos\" target=\"_blank\">Tweet<\/a>\n\t\t\t\t<\/div><div class=\"twttr_followme\">\n\t\t\t\t\t\t<a href=\"https:\/\/twitter.com\/@magazinedeautos\" class=\"twitter-follow-button\" data-size=\"default\"  data-show-screen-name=\"true\"  target=\"_blank\">Follow me<\/a>\n\t\t\t\t\t<\/div><\/div>\n<ul class=\"wp-block-list\">\n<li class=\"has-medium-font-size\">Con la venta de 129 mil unidades<\/li>\n\n\n\n<li class=\"has-medium-font-size\">La venta anual ha crecido 4.7%<\/li>\n\n\n\n<li class=\"has-medium-font-size\">Y ya super\u00f3 el mill\u00f3n de unidades vendidas<\/li>\n<\/ul>\n\n\n\n<p class=\"wp-block-paragraph\"><strong>Ciudad de M\u00e9xico.<\/strong> De acuerdo con el el reporte de venta total de veh\u00edculos ligeros nuevos por marca del mes de agosto, la venta de veh\u00edculos ligeros nuevos fue de 129,479 unidades, 2.3% mayor al n\u00famero de unidades vendidas en agosto de 2025.<\/p>\n\n\n\n<p class=\"wp-block-paragraph\">Con este resultado, las ventas del a\u00f1o han llegado a 1,014,832 veh\u00edculos ligeros nuevos, lo que representa un avance de 4.7% con respecto a lo reportado durante el mismo periodo de 2025.<\/p>\n\n\n\n<p class=\"wp-block-paragraph\">Reporte hecho con base en la informaci\u00f3n publicada por el INEGI por la Asociaci\u00f3n Mexicana de la Industria Automotriz (AMIA) y la Asociaci\u00f3n Mexicana de Distribuidores de Automotores (AMDA). <\/p>\n<div class=\"pntrst_main_before_after\"><\/div>","protected":false},"excerpt":{"rendered":"<p>Follow me Ciudad de M\u00e9xico. De acuerdo con el el reporte de venta total de veh\u00edculos ligeros nuevos por marca del mes de agosto, la&hellip; <\/p>\n","protected":false},"author":2,"featured_media":58441,"comment_status":"open","ping_status":"","sticky":false,"template":"","format":"standard","meta":{"_seopress_titles_title":"","_seopress_titles_desc":"","_seopress_robots_index":"","_seopress_robots_follow":"","_seopress_robots_imageindex":"","_seopress_robots_snippet":"","_seopress_robots_primary_cat":"","_seopress_robots_breadcrumbs":"","_seopress_robots_freeze_modified_date":"","_seopress_robots_custom_modified_date":"","_seopress_robots_canonical":"","_seopress_social_fb_title":"","_seopress_social_fb_desc":"","_seopress_social_fb_img":"","_seopress_social_fb_img_attachment_id":0,"_seopress_social_fb_img_width":0,"_seopress_social_fb_img_height":0,"_seopress_social_twitter_title":"","_seopress_social_twitter_desc":"","_seopress_social_twitter_img":"","_seopress_social_twitter_img_attachment_id":0,"_seopress_social_twitter_img_width":0,"_seopress_social_twitter_img_height":0,"_seopress_redirections_value":"","_seopress_redirections_enabled":"","_seopress_redirections_enabled_regex":"","_seopress_redirections_logged_status":"","_seopress_redirections_param":"","_seopress_redirections_type":0,"_seopress_analysis_target_kw":"","footnotes":""},"categories":[2309],"tags":[183,575,272],"class_list":["post-59808","post","type-post","status-publish","format-standard","has-post-thumbnail","hentry","category-nacionales","tag-amda","tag-reporte","tag-ventas"],"_links":{"self":[{"href":"https:\/\/magazineautomotor.com.mx\/sitio\/wp-json\/wp\/v2\/posts\/59808","targetHints":{"allow":["GET"]}}],"collection":[{"href":"https:\/\/magazineautomotor.com.mx\/sitio\/wp-json\/wp\/v2\/posts"}],"about":[{"href":"https:\/\/magazineautomotor.com.mx\/sitio\/wp-json\/wp\/v2\/types\/post"}],"author":[{"embeddable":true,"href":"https:\/\/magazineautomotor.com.mx\/sitio\/wp-json\/wp\/v2\/users\/2"}],"replies":[{"embeddable":true,"href":"https:\/\/magazineautomotor.com.mx\/sitio\/wp-json\/wp\/v2\/comments?post=59808"}],"version-history":[{"count":1,"href":"https:\/\/magazineautomotor.com.mx\/sitio\/wp-json\/wp\/v2\/posts\/59808\/revisions"}],"predecessor-version":[{"id":59809,"href":"https:\/\/magazineautomotor.com.mx\/sitio\/wp-json\/wp\/v2\/posts\/59808\/revisions\/59809"}],"wp:featuredmedia":[{"embeddable":true,"href":"https:\/\/magazineautomotor.com.mx\/sitio\/wp-json\/wp\/v2\/media\/58441"}],"wp:attachment":[{"href":"https:\/\/magazineautomotor.com.mx\/sitio\/wp-json\/wp\/v2\/media?parent=59808"}],"wp:term":[{"taxonomy":"category","embeddable":true,"href":"https:\/\/magazineautomotor.com.mx\/sitio\/wp-json\/wp\/v2\/categories?post=59808"},{"taxonomy":"post_tag","embeddable":true,"href":"https:\/\/magazineautomotor.com.mx\/sitio\/wp-json\/wp\/v2\/tags?post=59808"}],"curies":[{"name":"wp","href":"https:\/\/api.w.org\/{rel}","templated":true}]}}