{"id":59829,"date":"2026-09-02T19:37:08","date_gmt":"2026-09-03T01:37:08","guid":{"rendered":"https:\/\/magazineautomotor.com.mx\/sitio\/?p=59829"},"modified":"2026-09-02T19:37:08","modified_gmt":"2026-09-03T01:37:08","slug":"galeria-mercedes-benz-170-v","status":"publish","type":"post","link":"https:\/\/magazineautomotor.com.mx\/sitio\/galeria-mercedes-benz-170-v\/","title":{"rendered":"Galer\u00eda: Mercedes-Benz 170 V"},"content":{"rendered":"<div class=\"fcbkbttn_buttons_block\" id=\"fcbkbttn_left\"><div class=\"fcbkbttn_like \"><fb:like href=\"https:\/\/magazineautomotor.com.mx\/sitio\/galeria-mercedes-benz-170-v\/\" action=\"like\" colorscheme=\"light\" layout=\"standard\"  width=\"450px\" size=\"small\"><\/fb:like><\/div><div class=\"fb-share-button  \" data-href=\"https:\/\/magazineautomotor.com.mx\/sitio\/galeria-mercedes-benz-170-v\/\" data-type=\"button_count\" data-size=\"small\"><\/div><\/div><div class=\"pntrst_main_before_after\"><div class=\"pntrst-button-wrap \" >\r\n\t\t\t\t\t\t\t<a  data-pin-do=\"buttonFollow\" href=\"https:\/\/www.pinterest.com\/Magazine Automotor\/\">Follow me<\/a>\r\n\t\t\t\t\t\t<\/div><\/div><div class=\"twttr_buttons\"><div class=\"twttr_twitter\">\n\t\t\t\t\t<a href=\"http:\/\/twitter.com\/share?text=Galer%C3%ADa%3A+Mercedes-Benz+170+V\" class=\"twitter-share-button\" data-via=\"@magazinedeautos\" data-hashtags=\"\"  data-size=\"default\" data-url=\"https:\/\/magazineautomotor.com.mx\/sitio\/galeria-mercedes-benz-170-v\/\"  data-related=\"magazinedeautos\" target=\"_blank\">Tweet<\/a>\n\t\t\t\t<\/div><div class=\"twttr_followme\">\n\t\t\t\t\t\t<a href=\"https:\/\/twitter.com\/@magazinedeautos\" class=\"twitter-follow-button\" data-size=\"default\"  data-show-screen-name=\"true\"  target=\"_blank\">Follow me<\/a>\n\t\t\t\t\t<\/div><\/div>\n<p class=\"wp-block-paragraph\">La pintura de esta furgoneta Mercedes-Benz 170 V sigue llamando la atenci\u00f3n hoy en d\u00eda. En la d\u00e9cada de 1950, la gente lo reconoc\u00eda al instante, este color identificaba al servicio de Mercedes-Benz. Y es que, por aquel entonces, los veh\u00edculos de asistencia de la marca se pintaban de \u00abazul Mercedes\u00bb.<\/p>\n\n\n\n<figure class=\"wp-block-gallery has-nested-images columns-1 is-cropped wp-block-gallery-1 is-layout-flex wp-block-gallery-is-layout-flex\">\n<figure class=\"wp-block-image size-large\"><img alt=\"\" loading=\"lazy\" decoding=\"async\" width=\"1024\" height=\"683\" data-id=\"59813\" src=\"https:\/\/magazineautomotor.com.mx\/sitio\/wp-content\/uploads\/2026\/09\/1600-1024x683.jpeg\" alt=\"\" class=\"wp-image-59813\" srcset=\"https:\/\/magazineautomotor.com.mx\/sitio\/wp-content\/uploads\/2026\/09\/1600-1024x683.jpeg 1024w, https:\/\/magazineautomotor.com.mx\/sitio\/wp-content\/uploads\/2026\/09\/1600-300x200.jpeg 300w, https:\/\/magazineautomotor.com.mx\/sitio\/wp-content\/uploads\/2026\/09\/1600-150x100.jpeg 150w, https:\/\/magazineautomotor.com.mx\/sitio\/wp-content\/uploads\/2026\/09\/1600-768x512.jpeg 768w, https:\/\/magazineautomotor.com.mx\/sitio\/wp-content\/uploads\/2026\/09\/1600.jpeg 1500w\" sizes=\"auto, (max-width: 1024px) 100vw, 1024px\" \/><\/figure>\n\n\n\n<figure class=\"wp-block-image size-large\"><img alt=\"\" loading=\"lazy\" decoding=\"async\" width=\"1024\" height=\"683\" data-id=\"59827\" src=\"https:\/\/magazineautomotor.com.mx\/sitio\/wp-content\/uploads\/2026\/09\/1600-2-1024x683.jpeg\" alt=\"\" class=\"wp-image-59827\" srcset=\"https:\/\/magazineautomotor.com.mx\/sitio\/wp-content\/uploads\/2026\/09\/1600-2-1024x683.jpeg 1024w, https:\/\/magazineautomotor.com.mx\/sitio\/wp-content\/uploads\/2026\/09\/1600-2-300x200.jpeg 300w, https:\/\/magazineautomotor.com.mx\/sitio\/wp-content\/uploads\/2026\/09\/1600-2-150x100.jpeg 150w, https:\/\/magazineautomotor.com.mx\/sitio\/wp-content\/uploads\/2026\/09\/1600-2-768x512.jpeg 768w, https:\/\/magazineautomotor.com.mx\/sitio\/wp-content\/uploads\/2026\/09\/1600-2.jpeg 1500w\" sizes=\"auto, (max-width: 1024px) 100vw, 1024px\" \/><\/figure>\n\n\n\n<figure class=\"wp-block-image size-large\"><img alt=\"\" loading=\"lazy\" decoding=\"async\" width=\"1024\" height=\"683\" data-id=\"59826\" src=\"https:\/\/magazineautomotor.com.mx\/sitio\/wp-content\/uploads\/2026\/09\/1600-3-1024x683.jpeg\" alt=\"\" class=\"wp-image-59826\" srcset=\"https:\/\/magazineautomotor.com.mx\/sitio\/wp-content\/uploads\/2026\/09\/1600-3-1024x683.jpeg 1024w, https:\/\/magazineautomotor.com.mx\/sitio\/wp-content\/uploads\/2026\/09\/1600-3-300x200.jpeg 300w, https:\/\/magazineautomotor.com.mx\/sitio\/wp-content\/uploads\/2026\/09\/1600-3-150x100.jpeg 150w, https:\/\/magazineautomotor.com.mx\/sitio\/wp-content\/uploads\/2026\/09\/1600-3-768x512.jpeg 768w, https:\/\/magazineautomotor.com.mx\/sitio\/wp-content\/uploads\/2026\/09\/1600-3.jpeg 1500w\" sizes=\"auto, (max-width: 1024px) 100vw, 1024px\" \/><\/figure>\n\n\n\n<figure class=\"wp-block-image size-large\"><img alt=\"\" loading=\"lazy\" decoding=\"async\" width=\"1024\" height=\"683\" data-id=\"59825\" src=\"https:\/\/magazineautomotor.com.mx\/sitio\/wp-content\/uploads\/2026\/09\/1600-4-1024x683.jpeg\" alt=\"\" class=\"wp-image-59825\" srcset=\"https:\/\/magazineautomotor.com.mx\/sitio\/wp-content\/uploads\/2026\/09\/1600-4-1024x683.jpeg 1024w, https:\/\/magazineautomotor.com.mx\/sitio\/wp-content\/uploads\/2026\/09\/1600-4-300x200.jpeg 300w, https:\/\/magazineautomotor.com.mx\/sitio\/wp-content\/uploads\/2026\/09\/1600-4-150x100.jpeg 150w, https:\/\/magazineautomotor.com.mx\/sitio\/wp-content\/uploads\/2026\/09\/1600-4-768x512.jpeg 768w, https:\/\/magazineautomotor.com.mx\/sitio\/wp-content\/uploads\/2026\/09\/1600-4.jpeg 1500w\" sizes=\"auto, (max-width: 1024px) 100vw, 1024px\" \/><\/figure>\n\n\n\n<figure class=\"wp-block-image size-large\"><img alt=\"\" loading=\"lazy\" decoding=\"async\" width=\"1024\" height=\"683\" data-id=\"59824\" src=\"https:\/\/magazineautomotor.com.mx\/sitio\/wp-content\/uploads\/2026\/09\/1600-5-1024x683.jpeg\" alt=\"\" class=\"wp-image-59824\" srcset=\"https:\/\/magazineautomotor.com.mx\/sitio\/wp-content\/uploads\/2026\/09\/1600-5-1024x683.jpeg 1024w, https:\/\/magazineautomotor.com.mx\/sitio\/wp-content\/uploads\/2026\/09\/1600-5-300x200.jpeg 300w, https:\/\/magazineautomotor.com.mx\/sitio\/wp-content\/uploads\/2026\/09\/1600-5-150x100.jpeg 150w, https:\/\/magazineautomotor.com.mx\/sitio\/wp-content\/uploads\/2026\/09\/1600-5-768x512.jpeg 768w, https:\/\/magazineautomotor.com.mx\/sitio\/wp-content\/uploads\/2026\/09\/1600-5.jpeg 1500w\" sizes=\"auto, (max-width: 1024px) 100vw, 1024px\" \/><\/figure>\n\n\n\n<figure class=\"wp-block-image size-large\"><img alt=\"\" loading=\"lazy\" decoding=\"async\" width=\"1024\" height=\"683\" data-id=\"59822\" src=\"https:\/\/magazineautomotor.com.mx\/sitio\/wp-content\/uploads\/2026\/09\/1600-7-1024x683.jpeg\" alt=\"\" class=\"wp-image-59822\" srcset=\"https:\/\/magazineautomotor.com.mx\/sitio\/wp-content\/uploads\/2026\/09\/1600-7-1024x683.jpeg 1024w, https:\/\/magazineautomotor.com.mx\/sitio\/wp-content\/uploads\/2026\/09\/1600-7-300x200.jpeg 300w, https:\/\/magazineautomotor.com.mx\/sitio\/wp-content\/uploads\/2026\/09\/1600-7-150x100.jpeg 150w, https:\/\/magazineautomotor.com.mx\/sitio\/wp-content\/uploads\/2026\/09\/1600-7-768x512.jpeg 768w, https:\/\/magazineautomotor.com.mx\/sitio\/wp-content\/uploads\/2026\/09\/1600-7.jpeg 1500w\" sizes=\"auto, (max-width: 1024px) 100vw, 1024px\" \/><\/figure>\n\n\n\n<figure class=\"wp-block-image size-large\"><img alt=\"\" loading=\"lazy\" decoding=\"async\" width=\"1024\" height=\"683\" data-id=\"59823\" src=\"https:\/\/magazineautomotor.com.mx\/sitio\/wp-content\/uploads\/2026\/09\/1600-6-1024x683.jpeg\" alt=\"\" class=\"wp-image-59823\" srcset=\"https:\/\/magazineautomotor.com.mx\/sitio\/wp-content\/uploads\/2026\/09\/1600-6-1024x683.jpeg 1024w, https:\/\/magazineautomotor.com.mx\/sitio\/wp-content\/uploads\/2026\/09\/1600-6-300x200.jpeg 300w, https:\/\/magazineautomotor.com.mx\/sitio\/wp-content\/uploads\/2026\/09\/1600-6-150x100.jpeg 150w, https:\/\/magazineautomotor.com.mx\/sitio\/wp-content\/uploads\/2026\/09\/1600-6-768x512.jpeg 768w, https:\/\/magazineautomotor.com.mx\/sitio\/wp-content\/uploads\/2026\/09\/1600-6.jpeg 1500w\" sizes=\"auto, (max-width: 1024px) 100vw, 1024px\" \/><\/figure>\n\n\n\n<figure class=\"wp-block-image size-large\"><img alt=\"\" loading=\"lazy\" decoding=\"async\" width=\"1024\" height=\"683\" data-id=\"59821\" src=\"https:\/\/magazineautomotor.com.mx\/sitio\/wp-content\/uploads\/2026\/09\/1600-8-1024x683.jpeg\" alt=\"\" class=\"wp-image-59821\" srcset=\"https:\/\/magazineautomotor.com.mx\/sitio\/wp-content\/uploads\/2026\/09\/1600-8-1024x683.jpeg 1024w, https:\/\/magazineautomotor.com.mx\/sitio\/wp-content\/uploads\/2026\/09\/1600-8-300x200.jpeg 300w, https:\/\/magazineautomotor.com.mx\/sitio\/wp-content\/uploads\/2026\/09\/1600-8-150x100.jpeg 150w, https:\/\/magazineautomotor.com.mx\/sitio\/wp-content\/uploads\/2026\/09\/1600-8-768x512.jpeg 768w, https:\/\/magazineautomotor.com.mx\/sitio\/wp-content\/uploads\/2026\/09\/1600-8.jpeg 1500w\" sizes=\"auto, (max-width: 1024px) 100vw, 1024px\" \/><\/figure>\n\n\n\n<figure class=\"wp-block-image size-large\"><img alt=\"\" loading=\"lazy\" decoding=\"async\" width=\"1024\" height=\"683\" data-id=\"59820\" src=\"https:\/\/magazineautomotor.com.mx\/sitio\/wp-content\/uploads\/2026\/09\/1600-9-1024x683.jpeg\" alt=\"\" class=\"wp-image-59820\" srcset=\"https:\/\/magazineautomotor.com.mx\/sitio\/wp-content\/uploads\/2026\/09\/1600-9-1024x683.jpeg 1024w, https:\/\/magazineautomotor.com.mx\/sitio\/wp-content\/uploads\/2026\/09\/1600-9-300x200.jpeg 300w, https:\/\/magazineautomotor.com.mx\/sitio\/wp-content\/uploads\/2026\/09\/1600-9-150x100.jpeg 150w, https:\/\/magazineautomotor.com.mx\/sitio\/wp-content\/uploads\/2026\/09\/1600-9-768x512.jpeg 768w, https:\/\/magazineautomotor.com.mx\/sitio\/wp-content\/uploads\/2026\/09\/1600-9.jpeg 1500w\" sizes=\"auto, (max-width: 1024px) 100vw, 1024px\" \/><\/figure>\n\n\n\n<figure class=\"wp-block-image size-large\"><img alt=\"\" loading=\"lazy\" decoding=\"async\" width=\"1024\" height=\"683\" data-id=\"59819\" src=\"https:\/\/magazineautomotor.com.mx\/sitio\/wp-content\/uploads\/2026\/09\/1600-10-1024x683.jpeg\" alt=\"\" class=\"wp-image-59819\" srcset=\"https:\/\/magazineautomotor.com.mx\/sitio\/wp-content\/uploads\/2026\/09\/1600-10-1024x683.jpeg 1024w, https:\/\/magazineautomotor.com.mx\/sitio\/wp-content\/uploads\/2026\/09\/1600-10-300x200.jpeg 300w, https:\/\/magazineautomotor.com.mx\/sitio\/wp-content\/uploads\/2026\/09\/1600-10-150x100.jpeg 150w, https:\/\/magazineautomotor.com.mx\/sitio\/wp-content\/uploads\/2026\/09\/1600-10-768x512.jpeg 768w, https:\/\/magazineautomotor.com.mx\/sitio\/wp-content\/uploads\/2026\/09\/1600-10.jpeg 1500w\" sizes=\"auto, (max-width: 1024px) 100vw, 1024px\" \/><\/figure>\n\n\n\n<figure class=\"wp-block-image size-large\"><img alt=\"\" loading=\"lazy\" decoding=\"async\" width=\"1024\" height=\"683\" data-id=\"59818\" src=\"https:\/\/magazineautomotor.com.mx\/sitio\/wp-content\/uploads\/2026\/09\/1600-11-1024x683.jpeg\" alt=\"\" class=\"wp-image-59818\" srcset=\"https:\/\/magazineautomotor.com.mx\/sitio\/wp-content\/uploads\/2026\/09\/1600-11-1024x683.jpeg 1024w, https:\/\/magazineautomotor.com.mx\/sitio\/wp-content\/uploads\/2026\/09\/1600-11-300x200.jpeg 300w, https:\/\/magazineautomotor.com.mx\/sitio\/wp-content\/uploads\/2026\/09\/1600-11-150x100.jpeg 150w, https:\/\/magazineautomotor.com.mx\/sitio\/wp-content\/uploads\/2026\/09\/1600-11-768x512.jpeg 768w, https:\/\/magazineautomotor.com.mx\/sitio\/wp-content\/uploads\/2026\/09\/1600-11.jpeg 1500w\" sizes=\"auto, (max-width: 1024px) 100vw, 1024px\" \/><\/figure>\n\n\n\n<figure class=\"wp-block-image size-large\"><img alt=\"\" loading=\"lazy\" decoding=\"async\" width=\"683\" height=\"1024\" data-id=\"59817\" src=\"https:\/\/magazineautomotor.com.mx\/sitio\/wp-content\/uploads\/2026\/09\/1600-12-683x1024.jpeg\" alt=\"\" class=\"wp-image-59817\" srcset=\"https:\/\/magazineautomotor.com.mx\/sitio\/wp-content\/uploads\/2026\/09\/1600-12-683x1024.jpeg 683w, https:\/\/magazineautomotor.com.mx\/sitio\/wp-content\/uploads\/2026\/09\/1600-12-200x300.jpeg 200w, https:\/\/magazineautomotor.com.mx\/sitio\/wp-content\/uploads\/2026\/09\/1600-12-100x150.jpeg 100w, https:\/\/magazineautomotor.com.mx\/sitio\/wp-content\/uploads\/2026\/09\/1600-12-768x1152.jpeg 768w, https:\/\/magazineautomotor.com.mx\/sitio\/wp-content\/uploads\/2026\/09\/1600-12-1024x1536.jpeg 1024w, https:\/\/magazineautomotor.com.mx\/sitio\/wp-content\/uploads\/2026\/09\/1600-12-1365x2048.jpeg 1365w, https:\/\/magazineautomotor.com.mx\/sitio\/wp-content\/uploads\/2026\/09\/1600-12.jpeg 1500w\" sizes=\"auto, (max-width: 683px) 100vw, 683px\" \/><\/figure>\n\n\n\n<figure class=\"wp-block-image size-large\"><img alt=\"\" loading=\"lazy\" decoding=\"async\" width=\"1024\" height=\"730\" data-id=\"59816\" src=\"https:\/\/magazineautomotor.com.mx\/sitio\/wp-content\/uploads\/2026\/09\/1600-13-1024x730.jpeg\" alt=\"\" class=\"wp-image-59816\" srcset=\"https:\/\/magazineautomotor.com.mx\/sitio\/wp-content\/uploads\/2026\/09\/1600-13-1024x730.jpeg 1024w, https:\/\/magazineautomotor.com.mx\/sitio\/wp-content\/uploads\/2026\/09\/1600-13-300x214.jpeg 300w, https:\/\/magazineautomotor.com.mx\/sitio\/wp-content\/uploads\/2026\/09\/1600-13-150x107.jpeg 150w, https:\/\/magazineautomotor.com.mx\/sitio\/wp-content\/uploads\/2026\/09\/1600-13-768x547.jpeg 768w, https:\/\/magazineautomotor.com.mx\/sitio\/wp-content\/uploads\/2026\/09\/1600-13.jpeg 1500w\" sizes=\"auto, (max-width: 1024px) 100vw, 1024px\" \/><\/figure>\n\n\n\n<figure class=\"wp-block-image size-large\"><img alt=\"\" loading=\"lazy\" decoding=\"async\" width=\"1024\" height=\"616\" data-id=\"59815\" src=\"https:\/\/magazineautomotor.com.mx\/sitio\/wp-content\/uploads\/2026\/09\/1600-14-1024x616.jpeg\" alt=\"\" class=\"wp-image-59815\" srcset=\"https:\/\/magazineautomotor.com.mx\/sitio\/wp-content\/uploads\/2026\/09\/1600-14-1024x616.jpeg 1024w, https:\/\/magazineautomotor.com.mx\/sitio\/wp-content\/uploads\/2026\/09\/1600-14-300x181.jpeg 300w, https:\/\/magazineautomotor.com.mx\/sitio\/wp-content\/uploads\/2026\/09\/1600-14-150x90.jpeg 150w, https:\/\/magazineautomotor.com.mx\/sitio\/wp-content\/uploads\/2026\/09\/1600-14-768x462.jpeg 768w, https:\/\/magazineautomotor.com.mx\/sitio\/wp-content\/uploads\/2026\/09\/1600-14.jpeg 1500w\" sizes=\"auto, (max-width: 1024px) 100vw, 1024px\" \/><\/figure>\n\n\n\n<figure class=\"wp-block-image size-large\"><img alt=\"\" loading=\"lazy\" decoding=\"async\" width=\"1024\" height=\"726\" data-id=\"59814\" src=\"https:\/\/magazineautomotor.com.mx\/sitio\/wp-content\/uploads\/2026\/09\/1600-15-1024x726.jpeg\" alt=\"\" class=\"wp-image-59814\" srcset=\"https:\/\/magazineautomotor.com.mx\/sitio\/wp-content\/uploads\/2026\/09\/1600-15-1024x726.jpeg 1024w, https:\/\/magazineautomotor.com.mx\/sitio\/wp-content\/uploads\/2026\/09\/1600-15-300x213.jpeg 300w, https:\/\/magazineautomotor.com.mx\/sitio\/wp-content\/uploads\/2026\/09\/1600-15-150x106.jpeg 150w, https:\/\/magazineautomotor.com.mx\/sitio\/wp-content\/uploads\/2026\/09\/1600-15-768x545.jpeg 768w, https:\/\/magazineautomotor.com.mx\/sitio\/wp-content\/uploads\/2026\/09\/1600-15-700x496.jpeg 700w, https:\/\/magazineautomotor.com.mx\/sitio\/wp-content\/uploads\/2026\/09\/1600-15.jpeg 1500w\" sizes=\"auto, (max-width: 1024px) 100vw, 1024px\" \/><\/figure>\n<\/figure>\n\n\n\n<p class=\"wp-block-paragraph\"><\/p>\n\n\n\n<p class=\"wp-block-paragraph\"><\/p>\n\n\n\n<p class=\"wp-block-paragraph\"><\/p>\n\n\n\n<p class=\"wp-block-paragraph\"><\/p>\n\n\n\n<figure class=\"wp-block-embed is-type-wp-embed is-provider-magazine-automotor wp-block-embed-magazine-automotor\"><div class=\"wp-block-embed__wrapper\">\n<blockquote class=\"wp-embedded-content\" data-secret=\"XEimEMGx1D\"><a href=\"https:\/\/magazineautomotor.com.mx\/sitio\/vehiculo-de-servicio-mercedes-benz-170-v\/\">Veh\u00edculo de servicio Mercedes-Benz 170 V<\/a><\/blockquote><iframe loading=\"lazy\" class=\"wp-embedded-content\" sandbox=\"allow-scripts\" security=\"restricted\" style=\"position: absolute; visibility: hidden;\" title=\"\u00abVeh\u00edculo de servicio Mercedes-Benz 170 V\u00bb \u2014 Magazine Automotor\" src=\"https:\/\/magazineautomotor.com.mx\/sitio\/vehiculo-de-servicio-mercedes-benz-170-v\/embed\/#?secret=S1PynSJgg8#?secret=XEimEMGx1D\" data-secret=\"XEimEMGx1D\" width=\"600\" height=\"338\" frameborder=\"0\" marginwidth=\"0\" marginheight=\"0\" scrolling=\"no\"><\/iframe>\n<\/div><\/figure>\n<div class=\"pntrst_main_before_after\"><\/div>","protected":false},"excerpt":{"rendered":"<p>Follow me La pintura de esta furgoneta Mercedes-Benz 170 V sigue llamando la atenci\u00f3n hoy en d\u00eda. En la d\u00e9cada de 1950, la gente lo&hellip; <\/p>\n","protected":false},"author":2,"featured_media":59811,"comment_status":"open","ping_status":"","sticky":false,"template":"","format":"standard","meta":{"_seopress_titles_title":"","_seopress_titles_desc":"","_seopress_robots_index":"","_seopress_robots_follow":"","_seopress_robots_imageindex":"","_seopress_robots_snippet":"","_seopress_robots_primary_cat":"","_seopress_robots_breadcrumbs":"","_seopress_robots_freeze_modified_date":"","_seopress_robots_custom_modified_date":"","_seopress_robots_canonical":"","_seopress_social_fb_title":"","_seopress_social_fb_desc":"","_seopress_social_fb_img":"","_seopress_social_fb_img_attachment_id":0,"_seopress_social_fb_img_width":0,"_seopress_social_fb_img_height":0,"_seopress_social_twitter_title":"","_seopress_social_twitter_desc":"","_seopress_social_twitter_img":"","_seopress_social_twitter_img_attachment_id":0,"_seopress_social_twitter_img_width":0,"_seopress_social_twitter_img_height":0,"_seopress_redirections_value":"","_seopress_redirections_enabled":"","_seopress_redirections_enabled_regex":"","_seopress_redirections_logged_status":"","_seopress_redirections_param":"","_seopress_redirections_type":0,"_seopress_analysis_target_kw":"","footnotes":""},"categories":[54],"tags":[7887,432,4294,104],"class_list":["post-59829","post","type-post","status-publish","format-standard","has-post-thumbnail","hentry","category-galeria","tag-azul","tag-historia","tag-leyenda","tag-mercedes-benz"],"_links":{"self":[{"href":"https:\/\/magazineautomotor.com.mx\/sitio\/wp-json\/wp\/v2\/posts\/59829","targetHints":{"allow":["GET"]}}],"collection":[{"href":"https:\/\/magazineautomotor.com.mx\/sitio\/wp-json\/wp\/v2\/posts"}],"about":[{"href":"https:\/\/magazineautomotor.com.mx\/sitio\/wp-json\/wp\/v2\/types\/post"}],"author":[{"embeddable":true,"href":"https:\/\/magazineautomotor.com.mx\/sitio\/wp-json\/wp\/v2\/users\/2"}],"replies":[{"embeddable":true,"href":"https:\/\/magazineautomotor.com.mx\/sitio\/wp-json\/wp\/v2\/comments?post=59829"}],"version-history":[{"count":1,"href":"https:\/\/magazineautomotor.com.mx\/sitio\/wp-json\/wp\/v2\/posts\/59829\/revisions"}],"predecessor-version":[{"id":59830,"href":"https:\/\/magazineautomotor.com.mx\/sitio\/wp-json\/wp\/v2\/posts\/59829\/revisions\/59830"}],"wp:featuredmedia":[{"embeddable":true,"href":"https:\/\/magazineautomotor.com.mx\/sitio\/wp-json\/wp\/v2\/media\/59811"}],"wp:attachment":[{"href":"https:\/\/magazineautomotor.com.mx\/sitio\/wp-json\/wp\/v2\/media?parent=59829"}],"wp:term":[{"taxonomy":"category","embeddable":true,"href":"https:\/\/magazineautomotor.com.mx\/sitio\/wp-json\/wp\/v2\/categories?post=59829"},{"taxonomy":"post_tag","embeddable":true,"href":"https:\/\/magazineautomotor.com.mx\/sitio\/wp-json\/wp\/v2\/tags?post=59829"}],"curies":[{"name":"wp","href":"https:\/\/api.w.org\/{rel}","templated":true}]}}