{"id":59832,"date":"2026-09-03T14:16:38","date_gmt":"2026-09-03T20:16:38","guid":{"rendered":"https:\/\/magazineautomotor.com.mx\/sitio\/?p=59832"},"modified":"2026-09-03T14:16:38","modified_gmt":"2026-09-03T20:16:38","slug":"fiestas-patrias-en-dos-ruedas","status":"publish","type":"post","link":"https:\/\/magazineautomotor.com.mx\/sitio\/fiestas-patrias-en-dos-ruedas\/","title":{"rendered":"Fiestas patrias en dos ruedas"},"content":{"rendered":"<div class=\"fcbkbttn_buttons_block\" id=\"fcbkbttn_left\"><div class=\"fcbkbttn_like \"><fb:like href=\"https:\/\/magazineautomotor.com.mx\/sitio\/fiestas-patrias-en-dos-ruedas\/\" action=\"like\" colorscheme=\"light\" layout=\"standard\"  width=\"450px\" size=\"small\"><\/fb:like><\/div><div class=\"fb-share-button  \" data-href=\"https:\/\/magazineautomotor.com.mx\/sitio\/fiestas-patrias-en-dos-ruedas\/\" data-type=\"button_count\" data-size=\"small\"><\/div><\/div><div class=\"pntrst_main_before_after\"><div class=\"pntrst-button-wrap \" >\r\n\t\t\t\t\t\t\t<a  data-pin-do=\"buttonFollow\" href=\"https:\/\/www.pinterest.com\/Magazine Automotor\/\">Follow me<\/a>\r\n\t\t\t\t\t\t<\/div><\/div><div class=\"twttr_buttons\"><div class=\"twttr_twitter\">\n\t\t\t\t\t<a href=\"http:\/\/twitter.com\/share?text=Fiestas+patrias+en+dos+ruedas\" class=\"twitter-share-button\" data-via=\"@magazinedeautos\" data-hashtags=\"\"  data-size=\"default\" data-url=\"https:\/\/magazineautomotor.com.mx\/sitio\/fiestas-patrias-en-dos-ruedas\/\"  data-related=\"magazinedeautos\" target=\"_blank\">Tweet<\/a>\n\t\t\t\t<\/div><div class=\"twttr_followme\">\n\t\t\t\t\t\t<a href=\"https:\/\/twitter.com\/@magazinedeautos\" class=\"twitter-follow-button\" data-size=\"default\"  data-show-screen-name=\"true\"  target=\"_blank\">Follow me<\/a>\n\t\t\t\t\t<\/div><\/div>\n<ul class=\"wp-block-list\">\n<li class=\"has-medium-font-size\">La motocicleta en una de las temporadas de mayor actividad comercial<\/li>\n<\/ul>\n\n\n\n<p class=\"wp-block-paragraph\">Septiembre concentra una de las temporadas de mayor actividad comercial y tur\u00edstica del a\u00f1o. Las Fiestas Patrias impulsan el consumo en comercios, restaurantes, mercados, tiendas de conveniencia y destinos tur\u00edsticos. Esta combinaci\u00f3n genera una operaci\u00f3n urbana m\u00e1s intensa, en la que el abasto, la distribuci\u00f3n y las entregas de \u00faltima milla adquieren un papel fundamental para mantener el ritmo de la actividad econ\u00f3mica.<\/p>\n\n\n\n<p class=\"wp-block-paragraph\">La motocicleta es una herramienta relevante para esta operaci\u00f3n, ya que su capacidad para realizar recorridos \u00e1giles y atender m\u00faltiples puntos de entrega permite conectar comercios, restaurantes, plataformas digitales y consumidores, adem\u00e1s de facilitar servicios de reparto y distribuci\u00f3n en zonas urbanas. Detr\u00e1s de cada pedido que llega a una puerta, cada producto que sale de un comercio y cada servicio que se entrega durante las celebraciones existe una cadena log\u00edstica en la que la movilidad desempe\u00f1a un papel estrat\u00e9gico.<\/p>\n\n\n\n<p class=\"wp-block-paragraph\">Desde la\u00a0Asociaci\u00f3n Mexicana de Fabricantes e Importadores de Motocicletas (AMFIM), presentamos cuatro aspectos que muestran c\u00f3mo las motocicletas contribuyen a sostener la actividad comercial y de servicios durante las Fiestas Patrias:<\/p>\n\n\n\n<ol start=\"1\" class=\"wp-block-list\">\n<li><strong>Conectan el crecimiento del comercio electr\u00f3nico con la entrega al consumidor.<\/strong>\u00a0El comercio electr\u00f3nico en M\u00e9xico alcanz\u00f3 un valor de 941 mil millones de pesos y creci\u00f3 19.2% en 2025, de acuerdo con la Asociaci\u00f3n Mexicana de Venta Online (AMVO). Este crecimiento refleja una transformaci\u00f3n en la manera de comprar y una mayor necesidad de contar con soluciones eficientes para completar cada operaci\u00f3n. La motocicleta permite realizar recorridos de corta distancia y conectar establecimientos, centros de distribuci\u00f3n y consumidores dentro de las ciudades.<\/li>\n\n\n\n<li><strong>Atienden un canal que representa casi una quinta parte de las ventas minoristas.\u00a0<\/strong>En M\u00e9xico, el canal digital representa 17.7% de las ventas retail, de acuerdo con la\u00a0AMVO. Esto significa que casi 18 de cada 100 pesos generados por las ventas minoristas pasan por internet y posteriormente requieren una operaci\u00f3n f\u00edsica para llegar al consumidor. La motocicleta aporta flexibilidad para cubrir m\u00faltiples destinos y complementar las soluciones de distribuci\u00f3n de comercios y plataformas digitales.<\/li>\n\n\n\n<li><strong>Acompa\u00f1an una temporada que moviliza miles de millones de pesos en consumo.<\/strong>\u00a0En 2025, las Fiestas Patrias generaron una derrama econ\u00f3mica estimada de 37 mil 500 millones de pesos para negocios y empresas familiares, de acuerdo con\u00a0CONCANACO SERVYTUR. Con el comercio concentrando el 55% de esta derrama, la motocicleta representa una oportunidad relevante para supermercados, tiendas de conveniencia, restaurantes y establecimientos locales.<\/li>\n\n\n\n<li><strong>Dan flexibilidad a una operaci\u00f3n que involucra m\u00faltiples actividades.<\/strong>\u00a0Durante las celebraciones, supermercados, mercados, restaurantes, tiendas de conveniencia y peque\u00f1os comercios forman parte de una misma din\u00e1mica de consumo. La motocicleta permite atender distintos tipos de recorridos y necesidades de movilidad, desde el traslado de productos e insumos hasta la atenci\u00f3n de pedidos y servicios. Esta versatilidad la convierte en un recurso que acompa\u00f1a la actividad de negocios de diferentes escalas y sectores durante una temporada de alta demanda.<\/li>\n<\/ol>\n\n\n\n<p class=\"wp-block-paragraph\">El crecimiento del comercio electr\u00f3nico y la dimensi\u00f3n econ\u00f3mica de las Fiestas Patrias muestran que la movilidad forma parte de la infraestructura que permite que el consumo se convierta en actividad econ\u00f3mica. En esta din\u00e1mica, las motocicletas aportan flexibilidad y capacidad de respuesta para mantener conectados a comercios, servicios y consumidores, fortaleciendo la continuidad de la operaci\u00f3n urbana durante una de las temporadas comerciales m\u00e1s relevantes del a\u00f1o.<\/p>\n\n\n\n<p class=\"wp-block-paragraph\"><\/p>\n\n\n\n<p class=\"wp-block-paragraph\">Nota con la participaci\u00f3n de la Asociaci\u00f3n Mexicana de Fabricantes e Importadores de Motocicletas (AMFIM)<\/p>\n<div class=\"pntrst_main_before_after\"><\/div>","protected":false},"excerpt":{"rendered":"<p>Follow me Septiembre concentra una de las temporadas de mayor actividad comercial y tur\u00edstica del a\u00f1o. Las Fiestas Patrias impulsan el consumo en comercios, restaurantes,&hellip; <\/p>\n","protected":false},"author":2,"featured_media":59833,"comment_status":"open","ping_status":"","sticky":false,"template":"","format":"standard","meta":{"_seopress_titles_title":"","_seopress_titles_desc":"","_seopress_robots_index":"","_seopress_robots_follow":"","_seopress_robots_imageindex":"","_seopress_robots_snippet":"","_seopress_robots_primary_cat":"","_seopress_robots_breadcrumbs":"","_seopress_robots_freeze_modified_date":"","_seopress_robots_custom_modified_date":"","_seopress_robots_canonical":"","_seopress_social_fb_title":"","_seopress_social_fb_desc":"","_seopress_social_fb_img":"","_seopress_social_fb_img_attachment_id":0,"_seopress_social_fb_img_width":0,"_seopress_social_fb_img_height":0,"_seopress_social_twitter_title":"","_seopress_social_twitter_desc":"","_seopress_social_twitter_img":"","_seopress_social_twitter_img_attachment_id":0,"_seopress_social_twitter_img_width":0,"_seopress_social_twitter_img_height":0,"_seopress_redirections_value":"","_seopress_redirections_enabled":"","_seopress_redirections_enabled_regex":"","_seopress_redirections_logged_status":"","_seopress_redirections_param":"","_seopress_redirections_type":0,"_seopress_analysis_target_kw":"","footnotes":""},"categories":[2309],"tags":[4441,3870,7690,3193],"class_list":["post-59832","post","type-post","status-publish","format-standard","has-post-thumbnail","hentry","category-nacionales","tag-economia","tag-logistica","tag-moto","tag-motocicleta"],"_links":{"self":[{"href":"https:\/\/magazineautomotor.com.mx\/sitio\/wp-json\/wp\/v2\/posts\/59832","targetHints":{"allow":["GET"]}}],"collection":[{"href":"https:\/\/magazineautomotor.com.mx\/sitio\/wp-json\/wp\/v2\/posts"}],"about":[{"href":"https:\/\/magazineautomotor.com.mx\/sitio\/wp-json\/wp\/v2\/types\/post"}],"author":[{"embeddable":true,"href":"https:\/\/magazineautomotor.com.mx\/sitio\/wp-json\/wp\/v2\/users\/2"}],"replies":[{"embeddable":true,"href":"https:\/\/magazineautomotor.com.mx\/sitio\/wp-json\/wp\/v2\/comments?post=59832"}],"version-history":[{"count":1,"href":"https:\/\/magazineautomotor.com.mx\/sitio\/wp-json\/wp\/v2\/posts\/59832\/revisions"}],"predecessor-version":[{"id":59834,"href":"https:\/\/magazineautomotor.com.mx\/sitio\/wp-json\/wp\/v2\/posts\/59832\/revisions\/59834"}],"wp:featuredmedia":[{"embeddable":true,"href":"https:\/\/magazineautomotor.com.mx\/sitio\/wp-json\/wp\/v2\/media\/59833"}],"wp:attachment":[{"href":"https:\/\/magazineautomotor.com.mx\/sitio\/wp-json\/wp\/v2\/media?parent=59832"}],"wp:term":[{"taxonomy":"category","embeddable":true,"href":"https:\/\/magazineautomotor.com.mx\/sitio\/wp-json\/wp\/v2\/categories?post=59832"},{"taxonomy":"post_tag","embeddable":true,"href":"https:\/\/magazineautomotor.com.mx\/sitio\/wp-json\/wp\/v2\/tags?post=59832"}],"curies":[{"name":"wp","href":"https:\/\/api.w.org\/{rel}","templated":true}]}}