{"id":59842,"date":"2026-09-03T18:51:09","date_gmt":"2026-09-04T00:51:09","guid":{"rendered":"https:\/\/magazineautomotor.com.mx\/sitio\/?p=59842"},"modified":"2026-09-03T18:51:09","modified_gmt":"2026-09-04T00:51:09","slug":"las-marcas-de-volumen-de-vwg-se-reorganizan-para-atacar-sus-mercados-clave","status":"publish","type":"post","link":"https:\/\/magazineautomotor.com.mx\/sitio\/las-marcas-de-volumen-de-vwg-se-reorganizan-para-atacar-sus-mercados-clave\/","title":{"rendered":"Las marcas de volumen de VWG se reorganizan para atacar sus mercados clave"},"content":{"rendered":"<div class=\"fcbkbttn_buttons_block\" id=\"fcbkbttn_left\"><div class=\"fcbkbttn_like \"><fb:like href=\"https:\/\/magazineautomotor.com.mx\/sitio\/las-marcas-de-volumen-de-vwg-se-reorganizan-para-atacar-sus-mercados-clave\/\" action=\"like\" colorscheme=\"light\" layout=\"standard\"  width=\"450px\" size=\"small\"><\/fb:like><\/div><div class=\"fb-share-button  \" data-href=\"https:\/\/magazineautomotor.com.mx\/sitio\/las-marcas-de-volumen-de-vwg-se-reorganizan-para-atacar-sus-mercados-clave\/\" data-type=\"button_count\" data-size=\"small\"><\/div><\/div><div class=\"pntrst_main_before_after\"><div class=\"pntrst-button-wrap \" >\r\n\t\t\t\t\t\t\t<a  data-pin-do=\"buttonFollow\" href=\"https:\/\/www.pinterest.com\/Magazine Automotor\/\">Follow me<\/a>\r\n\t\t\t\t\t\t<\/div><\/div><div class=\"twttr_buttons\"><div class=\"twttr_twitter\">\n\t\t\t\t\t<a href=\"http:\/\/twitter.com\/share?text=Las+marcas+de+volumen+de+VWG+se+reorganizan+para+atacar+sus+mercados+clave\" class=\"twitter-share-button\" data-via=\"@magazinedeautos\" data-hashtags=\"\"  data-size=\"default\" data-url=\"https:\/\/magazineautomotor.com.mx\/sitio\/las-marcas-de-volumen-de-vwg-se-reorganizan-para-atacar-sus-mercados-clave\/\"  data-related=\"magazinedeautos\" target=\"_blank\">Tweet<\/a>\n\t\t\t\t<\/div><div class=\"twttr_followme\">\n\t\t\t\t\t\t<a href=\"https:\/\/twitter.com\/@magazinedeautos\" class=\"twitter-follow-button\" data-size=\"default\"  data-show-screen-name=\"true\"  target=\"_blank\">Follow me<\/a>\n\t\t\t\t\t<\/div><\/div>\n<ul class=\"wp-block-list\">\n<li class=\"has-medium-font-size\">Estrategia:  \u00abEn China, para China\u00bb y \u00abEn Europa, para Europa\u00bb<\/li>\n\n\n\n<li class=\"has-medium-font-size\">Desarrollar\u00e1n una estrategia espec\u00edfica para Norteam\u00e9rica<\/li>\n\n\n\n<li class=\"has-medium-font-size\">Para ello han hecho cambios directivos estrat\u00e9gicos<\/li>\n<\/ul>\n\n\n\n<p class=\"wp-block-paragraph\">Brand Group Core (BGC), la alianza organizacional de las marcas de volumen dentro del Grupo Volkswagen, est\u00e1 reorganizando responsabilidades clave en las \u00e1reas de mercado y ventas.<\/p>\n\n\n\n<p class=\"wp-block-paragraph\">Thomas Sch\u00e4fer, miembro del Consejo de Administraci\u00f3n del Grupo, CEO de la marca Volkswagen Turismos y CEO de Brand Group Core, declar\u00f3: \u00abCon Marco Schubert, incorporamos a un experto de probada trayectoria en ventas y marcas para Norteam\u00e9rica. Este mercado es de vital importancia para Volkswagen y queremos reforzar significativamente nuestra presencia all\u00ed. Lo decisivo es acercarnos a nuestros clientes y concesionarios, as\u00ed como desarrollar los veh\u00edculos adecuados para el mercado desde el propio mercado; tal y como ya estamos haciendo actualmente en China y Europa. En los \u00faltimos meses, hemos elaborado un plan claro para lograrlo. Marco Schubert conoce nuestras marcas, nuestras fortalezas y los mercados internacionales gracias a sus muchos a\u00f1os de experiencia. \u00c9l impulsar\u00e1 esta nueva estrategia (y con ella, la transformaci\u00f3n de nuestro negocio en Norteam\u00e9rica) con rapidez y determinaci\u00f3n. Espero con inter\u00e9s trabajar estrechamente con \u00e9l\u00bb.<\/p>\n\n\n\n<p class=\"wp-block-paragraph\">Volkswagen se centrar\u00e1 en Norteam\u00e9rica en aquellos segmentos que muestran una mayor demanda y que mejor satisfacen las necesidades de los clientes y concesionarios de la regi\u00f3n. Se potenciar\u00e1n los modelos de \u00e9xito, se ampliar\u00e1 la cartera de productos y se acelerar\u00e1 la presencia de Volkswagen en el creciente segmento de los veh\u00edculos h\u00edbridos el\u00e9ctricos (HEV). Siguiendo la l\u00ednea de sus estrategias \u00abEn China, para China\u00bb y \u00abEn Europa, para Europa\u00bb, Volkswagen tambi\u00e9n aplicar\u00e1 una estrategia espec\u00edfica para Norteam\u00e9rica. Como parte de este enfoque, la marca explorar\u00e1 oportunidades en el muy popular segmento B de veh\u00edculos con arquitectura de carrocer\u00eda sobre bastidor (<em>body-on-frame<\/em>), incluyendo SUV robustos y camionetas <em>pickup<\/em>, como posibles componentes de la futura cartera de productos de Volkswagen.<\/p>\n\n\n\n<p class=\"wp-block-paragraph\">Thomas Sch\u00e4fer a\u00f1adi\u00f3: \u00abContamos con un s\u00f3lido equipo directivo para Volkswagen en Norteam\u00e9rica, que implementar\u00e1 de manera coherente nuestra estrategia en este importante mercado automotriz. No se trata de buscar el \u00e9xito a corto plazo, sino de una estrategia s\u00f3lida que garantice una rentabilidad sostenible y est\u00e9 claramente centrada en las necesidades de los clientes norteamericanos\u00bb.<\/p>\n\n\n\n<ul class=\"wp-block-list\">\n<li>Marco Schubert es nombrado miembro del Comit\u00e9 Ejecutivo Ampliado para la regi\u00f3n de Norteam\u00e9rica, con efecto a partir del 1 de octubre de 2026. Por tanto, asumir\u00e1 la responsabilidad de la estrategia global para dicha regi\u00f3n.<\/li>\n\n\n\n<li>Martin Sander sucede a Schubert, pasando de Volkswagen a Audi como nuevo miembro del Consejo de Administraci\u00f3n responsable de Ventas y Marketing, y miembro del Comit\u00e9 Ejecutivo Ampliado del Grupo.<\/li>\n\n\n\n<li>Martin Jahn asume el cargo de miembro del Consejo de Administraci\u00f3n responsable de Ventas, Marketing y Posventa en Volkswagen.<\/li>\n\n\n\n<li>En \u0160koda, Martina Biene asume las responsabilidades de Jahn como nueva miembro del Consejo de Administraci\u00f3n responsable de Ventas y Marketing.<\/li>\n\n\n\n<li>Christiane Zorn se convierte en la nueva presidenta y directora general de Volkswagen Group Africa.<\/li>\n<\/ul>\n\n\n\n<p class=\"wp-block-paragraph\"><\/p>\n<div class=\"pntrst_main_before_after\"><\/div>","protected":false},"excerpt":{"rendered":"<p>Follow me Brand Group Core (BGC), la alianza organizacional de las marcas de volumen dentro del Grupo Volkswagen, est\u00e1 reorganizando responsabilidades clave en las \u00e1reas&hellip; <\/p>\n","protected":false},"author":2,"featured_media":59843,"comment_status":"open","ping_status":"","sticky":false,"template":"","format":"standard","meta":{"_seopress_titles_title":"","_seopress_titles_desc":"","_seopress_robots_index":"","_seopress_robots_follow":"","_seopress_robots_imageindex":"","_seopress_robots_snippet":"","_seopress_robots_primary_cat":"","_seopress_robots_breadcrumbs":"","_seopress_robots_freeze_modified_date":"","_seopress_robots_custom_modified_date":"","_seopress_robots_canonical":"","_seopress_social_fb_title":"","_seopress_social_fb_desc":"","_seopress_social_fb_img":"","_seopress_social_fb_img_attachment_id":0,"_seopress_social_fb_img_width":0,"_seopress_social_fb_img_height":0,"_seopress_social_twitter_title":"","_seopress_social_twitter_desc":"","_seopress_social_twitter_img":"","_seopress_social_twitter_img_attachment_id":0,"_seopress_social_twitter_img_width":0,"_seopress_social_twitter_img_height":0,"_seopress_redirections_value":"","_seopress_redirections_enabled":"","_seopress_redirections_enabled_regex":"","_seopress_redirections_logged_status":"","_seopress_redirections_param":"","_seopress_redirections_type":0,"_seopress_analysis_target_kw":"","footnotes":""},"categories":[2310],"tags":[9658,4718,1330,55],"class_list":["post-59842","post","type-post","status-publish","format-standard","has-post-thumbnail","hentry","category-internacionales","tag-brand-group-core","tag-direccion","tag-estrategia","tag-vw"],"_links":{"self":[{"href":"https:\/\/magazineautomotor.com.mx\/sitio\/wp-json\/wp\/v2\/posts\/59842","targetHints":{"allow":["GET"]}}],"collection":[{"href":"https:\/\/magazineautomotor.com.mx\/sitio\/wp-json\/wp\/v2\/posts"}],"about":[{"href":"https:\/\/magazineautomotor.com.mx\/sitio\/wp-json\/wp\/v2\/types\/post"}],"author":[{"embeddable":true,"href":"https:\/\/magazineautomotor.com.mx\/sitio\/wp-json\/wp\/v2\/users\/2"}],"replies":[{"embeddable":true,"href":"https:\/\/magazineautomotor.com.mx\/sitio\/wp-json\/wp\/v2\/comments?post=59842"}],"version-history":[{"count":1,"href":"https:\/\/magazineautomotor.com.mx\/sitio\/wp-json\/wp\/v2\/posts\/59842\/revisions"}],"predecessor-version":[{"id":59844,"href":"https:\/\/magazineautomotor.com.mx\/sitio\/wp-json\/wp\/v2\/posts\/59842\/revisions\/59844"}],"wp:featuredmedia":[{"embeddable":true,"href":"https:\/\/magazineautomotor.com.mx\/sitio\/wp-json\/wp\/v2\/media\/59843"}],"wp:attachment":[{"href":"https:\/\/magazineautomotor.com.mx\/sitio\/wp-json\/wp\/v2\/media?parent=59842"}],"wp:term":[{"taxonomy":"category","embeddable":true,"href":"https:\/\/magazineautomotor.com.mx\/sitio\/wp-json\/wp\/v2\/categories?post=59842"},{"taxonomy":"post_tag","embeddable":true,"href":"https:\/\/magazineautomotor.com.mx\/sitio\/wp-json\/wp\/v2\/tags?post=59842"}],"curies":[{"name":"wp","href":"https:\/\/api.w.org\/{rel}","templated":true}]}}