{"id":59873,"date":"2026-09-04T19:19:07","date_gmt":"2026-09-05T01:19:07","guid":{"rendered":"https:\/\/magazineautomotor.com.mx\/sitio\/?p=59873"},"modified":"2026-09-04T19:20:42","modified_gmt":"2026-09-05T01:20:42","slug":"seat-s-a-ha-iniciado-su-siguiente-etapa-de-desarrollo","status":"publish","type":"post","link":"https:\/\/magazineautomotor.com.mx\/sitio\/seat-s-a-ha-iniciado-su-siguiente-etapa-de-desarrollo\/","title":{"rendered":"SEAT S.A. ha iniciado su siguiente etapa de desarrollo"},"content":{"rendered":"<div class=\"fcbkbttn_buttons_block\" id=\"fcbkbttn_left\"><div class=\"fcbkbttn_like \"><fb:like href=\"https:\/\/magazineautomotor.com.mx\/sitio\/seat-s-a-ha-iniciado-su-siguiente-etapa-de-desarrollo\/\" action=\"like\" colorscheme=\"light\" layout=\"standard\"  width=\"450px\" size=\"small\"><\/fb:like><\/div><div class=\"fb-share-button  \" data-href=\"https:\/\/magazineautomotor.com.mx\/sitio\/seat-s-a-ha-iniciado-su-siguiente-etapa-de-desarrollo\/\" data-type=\"button_count\" data-size=\"small\"><\/div><\/div><div class=\"pntrst_main_before_after\"><div class=\"pntrst-button-wrap \" >\r\n\t\t\t\t\t\t\t<a  data-pin-do=\"buttonFollow\" href=\"https:\/\/www.pinterest.com\/Magazine Automotor\/\">Follow me<\/a>\r\n\t\t\t\t\t\t<\/div><\/div><div class=\"twttr_buttons\"><div class=\"twttr_twitter\">\n\t\t\t\t\t<a href=\"http:\/\/twitter.com\/share?text=SEAT+S.A.+ha+iniciado+su+siguiente+etapa+de+desarrollo\" class=\"twitter-share-button\" data-via=\"@magazinedeautos\" data-hashtags=\"\"  data-size=\"default\" data-url=\"https:\/\/magazineautomotor.com.mx\/sitio\/seat-s-a-ha-iniciado-su-siguiente-etapa-de-desarrollo\/\"  data-related=\"magazinedeautos\" target=\"_blank\">Tweet<\/a>\n\t\t\t\t<\/div><div class=\"twttr_followme\">\n\t\t\t\t\t\t<a href=\"https:\/\/twitter.com\/@magazinedeautos\" class=\"twitter-follow-button\" data-size=\"default\"  data-show-screen-name=\"true\"  target=\"_blank\">Follow me<\/a>\n\t\t\t\t\t<\/div><\/div>\n<ul class=\"wp-block-list\">\n<li class=\"has-medium-font-size\">Para adaptarse a una industria automovil\u00edstica en r\u00e1pida evoluci\u00f3n<\/li>\n\n\n\n<li class=\"has-medium-font-size\">La marca SEAT tiene vida asegurada hasta 2030<\/li>\n\n\n\n<li class=\"has-medium-font-size\">Su futuro se sigue analizando<\/li>\n\n\n\n<li class=\"has-medium-font-size\">Mientras que SEAT S.A. ha construido un futuro s\u00f3lido <\/li>\n<\/ul>\n\n\n\n<p class=\"wp-block-paragraph\"><strong>Martorell, Espa\u00f1a.<\/strong> SEAT S.A. declar\u00f3 que ha iniciado su siguiente etapa de desarrollo con una clara ambici\u00f3n de crecimiento y la flexibilidad necesaria para adaptarse a una industria automovil\u00edstica en r\u00e1pida evoluci\u00f3n.<\/p>\n\n\n\n<p class=\"wp-block-paragraph\">De inicio, declaran que la marca SEAT sigue siendo una parte importante de SEAT S.A. y cuenta con una hoja de ruta de producto clara para los pr\u00f3ximos a\u00f1os y que continuar\u00e1n con los lanzamientos y actualizaciones de producto ya previstos, incluida la introducci\u00f3n de las versiones mild-hybrid del Ibiza y el Arona previstas para 2027.<\/p>\n\n\n\n<p class=\"wp-block-paragraph\">Sin embargo, tambi\u00e9n declaran que m\u00e1s all\u00e1 del ciclo de producto actual, el futuro de la marca SEAT sigue analiz\u00e1ndose.<\/p>\n\n\n\n<p class=\"wp-block-paragraph\">En el contexto actual, con una regulaci\u00f3n cada vez m\u00e1s exigente, los costos de la electrificaci\u00f3n y la inversi\u00f3n necesaria para desarrollar una nueva generaci\u00f3n de modelos el\u00e9ctricos, hacen que este an\u00e1lisis para seguir invirtiendo en la marca SEAT sea cada vez m\u00e1s complejo.<\/p>\n\n\n\n<p class=\"wp-block-paragraph\">Por tanto, siguen siendo posibles varios escenarios m\u00e1s all\u00e1 de 2030. En funci\u00f3n de c\u00f3mo evolucionen la regulaci\u00f3n, la demanda de los clientes y las condiciones del mercado, se valorar\u00e1 la continuidad de la marca SEAT. No han tomado ninguna decisi\u00f3n, todav\u00eda.<\/p>\n\n\n\n<p class=\"wp-block-paragraph\">\u201cSEAT S.A. tiene un papel importante que desempe\u00f1ar en el futuro del Grupo Volkswagen. La compa\u00f1\u00eda ha demostrado su capacidad de transformaci\u00f3n, con una s\u00f3lida base industrial en Martorell y el crecimiento imparable de CUPRA. Estoy muy orgulloso de lo que el equipo de SEAT y CUPRA ha conseguido en los \u00faltimos a\u00f1os y esto me da mucha confianza de cara al futuro. Estamos comprometidos a seguir construyendo sobre esta base y a crear las condiciones para que SEAT S.A. y CUPRA contin\u00faen creciendo y contribuyendo al \u00e9xito del Grupo. Al mismo tiempo, debemos mantenernos flexibles y adaptar nuestras estrategias de marca y producto a la regulaci\u00f3n, las condiciones del mercado y lo que demandan nuestros clientes\u201d, Oliver Blume, CEO del Grupo Volkswagen<\/p>\n\n\n\n<p class=\"has-medium-font-size wp-block-paragraph\"><strong>SEAT S.A. TIENE UN FUTURO S\u00d3LIDO<\/strong><\/p>\n\n\n\n<p class=\"wp-block-paragraph\">Es importante distinguir entre la evoluci\u00f3n futura de la marca SEAT y el futuro de SEAT S.A., la compa\u00f1\u00eda detr\u00e1s de SEAT y CUPRA.<\/p>\n\n\n\n<p class=\"wp-block-paragraph\">SEAT S.A. tiene un futuro s\u00f3lido ya que se est\u00e1 convirtiendo en una potencia automovil\u00edstica dentro del Grupo Volkswagen, combinando dos marcas consolidadas, capacidad industrial y la flexibilidad necesaria para adaptarnos a la demanda cambiante de los clientes y a las condiciones del mercado.<\/p>\n\n\n\n<p class=\"wp-block-paragraph\">Esta transformaci\u00f3n consiste en reforzar el papel de SEAT S.A. dentro del Grupo Volkswagen, mientras CUPRA contin\u00faa siendo el principal motor de crecimiento de la compa\u00f1\u00eda. A medida que SEAT S.A. ampl\u00eda sus responsabilidades industriales dentro del Grupo, se espera que el empleo pueda aumentar en los pr\u00f3ximos a\u00f1os.<\/p>\n\n\n\n<p class=\"wp-block-paragraph\">\u201cSEAT S.A. inicia una nueva etapa desde una posici\u00f3n s\u00f3lida. Nos estamos convirtiendo en una potencia automovil\u00edstica, con un papel industrial creciente dentro del Grupo Volkswagen y con CUPRA alcanzando todo su potencial. Esta es una historia de transformaci\u00f3n, con CUPRA como motor clave de nuestro crecimiento y rentabilidad futuros. Al mismo tiempo, nuestras responsabilidades industriales est\u00e1n creciendo y, con ellas, el empleo. Estamos construyendo un futuro s\u00f3lido para SEAT S.A. y para Martorell\u201d, Markus Haupt,\u00a0CEO de SEAT &amp; CUPRA<\/p>\n\n\n\n<p class=\"wp-block-paragraph\">El enfoque multimarca ha sido una parte clave de esa transformaci\u00f3n. SEAT S.A. lidera la industrializaci\u00f3n de la plataforma MEB21 y la producci\u00f3n de la familia de autos el\u00e9ctricos urbanos en Martorell, reforzando el papel estrat\u00e9gico de la compa\u00f1\u00eda dentro del Grupo Volkswagen. Al mismo tiempo, su capacidad para producir veh\u00edculos de combusti\u00f3n, h\u00edbridos y totalmente el\u00e9ctricos nos proporciona la flexibilidad industrial necesaria para responder a la evoluci\u00f3n de los distintos mercados y a la demanda de los clientes.<\/p>\n\n\n\n<p class=\"wp-block-paragraph\">Esta transformaci\u00f3n industrial se basa en el compromiso adquirido en 2022, cuando el Grupo Volkswagen y SEAT S.A., junto con los socios de Future: Fast Forward, anunciaron una inversi\u00f3n de 10,000 millones de euros para acelerar la electrificaci\u00f3n de Espa\u00f1a. El cumplimiento de sus objetivos industriales hace que el Grupo VW haya decidido seguir trabajando para asegurar una plataforma adicional para Martorell, reforzando su huella industrial y creando nuevas oportunidades de futuro.<\/p>\n\n\n\n<p class=\"wp-block-paragraph\">\u201cPara nosotros, la prioridad siempre ha estado clara: asegurar el futuro de la compa\u00f1\u00eda y un empleo de calidad para las pr\u00f3ximas generaciones. SEAT S.A. no es una sola marca. Es una compa\u00f1\u00eda que tiene a SEAT y a CUPRA, una huella industrial estrat\u00e9gica y un papel cada vez m\u00e1s importante dentro del Grupo Volkswagen. La transformaci\u00f3n nunca es f\u00e1cil, pero si trae inversi\u00f3n, m\u00e1s responsabilidad y crecimiento a Martorell, tambi\u00e9n puede crear nuevas oportunidades para nuestra gente. Seguiremos trabajando juntos para garantizar que SEAT S.A. tenga un futuro industrial y laboral s\u00f3lido\u201d, Mat\u00edas Carnero, presidente del Comit\u00e9 Intercentros de SEAT S.A. y miembro del Consejo de Supervisi\u00f3n de Volkswagen AG<\/p>\n\n\n\n<figure class=\"wp-block-embed is-type-video is-provider-youtube wp-block-embed-youtube wp-embed-aspect-16-9 wp-has-aspect-ratio\"><div class=\"wp-block-embed__wrapper\">\n<iframe loading=\"lazy\" title=\"SEAT SA con un futuro s\u00f3lido\" width=\"790\" height=\"444\" src=\"https:\/\/www.youtube.com\/embed\/Lbbw1MYW_xE?feature=oembed\" frameborder=\"0\" allow=\"accelerometer; autoplay; clipboard-write; encrypted-media; gyroscope; picture-in-picture; web-share\" referrerpolicy=\"strict-origin-when-cross-origin\" allowfullscreen><\/iframe>\n<\/div><\/figure>\n\n\n\n<p class=\"has-medium-font-size wp-block-paragraph\"><strong>CUPRA: UNA DECISI\u00d3N ESTRAT\u00c9GICA QUE HA TRANSFORMADO SEAT S.A.<\/strong><\/p>\n\n\n\n<p class=\"wp-block-paragraph\">Hace ocho a\u00f1os, SEAT S.A. tom\u00f3 la decisi\u00f3n de crear CUPRA como marca independiente. Desde entonces, CUPRA se ha convertido en una parte central de la transformaci\u00f3n de la compa\u00f1\u00eda y en su principal motor de crecimiento.<\/p>\n\n\n\n<p class=\"wp-block-paragraph\">Desde su lanzamiento en 2018, han entregado m\u00e1s de un mill\u00f3n de veh\u00edculos, se ha consolidado como una de las marcas automovil\u00edsticas de mayor crecimiento en Europa y ha construido una cartera completa, con ocho modelos lanzados en ocho a\u00f1os.<\/p>\n\n\n\n<p class=\"wp-block-paragraph\">La meta para el 2030 es llevar CUPRA a desarrollar todo su potencial.<\/p>\n\n\n\n<p class=\"wp-block-paragraph\">La marca aspira a alcanzar una cuota de mercado del 3% en Europa, apoyada en la continua renovaci\u00f3n de su gama de producto y en una mayor expansi\u00f3n internacional.<\/p>\n\n\n\n<p class=\"wp-block-paragraph\">La entrada prevista de la marca en Oriente Medio en el tercer trimestre de 2027 marcar\u00e1 el siguiente paso en esa expansi\u00f3n. La compa\u00f1\u00eda contin\u00faa evaluando oportunidades en otros mercados estrat\u00e9gicos a nivel global, incluida la ambici\u00f3n a largo plazo de entrar en Estados Unidos.<\/p>\n\n\n\n<p class=\"wp-block-paragraph\">El desarrollo de la marca deportiva ha cambiado significativamente el perfil de SEAT S.A. ocho a\u00f1os despu\u00e9s de su creaci\u00f3n, la compa\u00f1\u00eda cuenta con una marca con un posicionamiento creciente en Europa, mayor potencial internacional y una contribuci\u00f3n cada vez m\u00e1s importante a la rentabilidad de SEAT S.A. y a su crecimiento futuro.<\/p>\n\n\n\n<p class=\"wp-block-paragraph\"><\/p>\n\n\n\n<p class=\"wp-block-paragraph\"><\/p>\n<div class=\"pntrst_main_before_after\"><\/div>","protected":false},"excerpt":{"rendered":"<p>Follow me Martorell, Espa\u00f1a. SEAT S.A. declar\u00f3 que ha iniciado su siguiente etapa de desarrollo con una clara ambici\u00f3n de crecimiento y la flexibilidad necesaria&hellip; <\/p>\n","protected":false},"author":2,"featured_media":59875,"comment_status":"open","ping_status":"","sticky":false,"template":"","format":"standard","meta":{"_seopress_titles_title":"","_seopress_titles_desc":"","_seopress_robots_index":"","_seopress_robots_follow":"","_seopress_robots_imageindex":"","_seopress_robots_snippet":"","_seopress_robots_primary_cat":"","_seopress_robots_breadcrumbs":"","_seopress_robots_freeze_modified_date":"","_seopress_robots_custom_modified_date":"","_seopress_robots_canonical":"","_seopress_social_fb_title":"","_seopress_social_fb_desc":"","_seopress_social_fb_img":"","_seopress_social_fb_img_attachment_id":0,"_seopress_social_fb_img_width":0,"_seopress_social_fb_img_height":0,"_seopress_social_twitter_title":"","_seopress_social_twitter_desc":"","_seopress_social_twitter_img":"","_seopress_social_twitter_img_attachment_id":0,"_seopress_social_twitter_img_width":0,"_seopress_social_twitter_img_height":0,"_seopress_redirections_value":"","_seopress_redirections_enabled":"","_seopress_redirections_enabled_regex":"","_seopress_redirections_logged_status":"","_seopress_redirections_param":"","_seopress_redirections_type":0,"_seopress_analysis_target_kw":"","footnotes":""},"categories":[2310],"tags":[982,1330,575,78],"class_list":["post-59873","post","type-post","status-publish","format-standard","has-post-thumbnail","hentry","category-internacionales","tag-cupra","tag-estrategia","tag-reporte","tag-seat"],"_links":{"self":[{"href":"https:\/\/magazineautomotor.com.mx\/sitio\/wp-json\/wp\/v2\/posts\/59873","targetHints":{"allow":["GET"]}}],"collection":[{"href":"https:\/\/magazineautomotor.com.mx\/sitio\/wp-json\/wp\/v2\/posts"}],"about":[{"href":"https:\/\/magazineautomotor.com.mx\/sitio\/wp-json\/wp\/v2\/types\/post"}],"author":[{"embeddable":true,"href":"https:\/\/magazineautomotor.com.mx\/sitio\/wp-json\/wp\/v2\/users\/2"}],"replies":[{"embeddable":true,"href":"https:\/\/magazineautomotor.com.mx\/sitio\/wp-json\/wp\/v2\/comments?post=59873"}],"version-history":[{"count":2,"href":"https:\/\/magazineautomotor.com.mx\/sitio\/wp-json\/wp\/v2\/posts\/59873\/revisions"}],"predecessor-version":[{"id":59877,"href":"https:\/\/magazineautomotor.com.mx\/sitio\/wp-json\/wp\/v2\/posts\/59873\/revisions\/59877"}],"wp:featuredmedia":[{"embeddable":true,"href":"https:\/\/magazineautomotor.com.mx\/sitio\/wp-json\/wp\/v2\/media\/59875"}],"wp:attachment":[{"href":"https:\/\/magazineautomotor.com.mx\/sitio\/wp-json\/wp\/v2\/media?parent=59873"}],"wp:term":[{"taxonomy":"category","embeddable":true,"href":"https:\/\/magazineautomotor.com.mx\/sitio\/wp-json\/wp\/v2\/categories?post=59873"},{"taxonomy":"post_tag","embeddable":true,"href":"https:\/\/magazineautomotor.com.mx\/sitio\/wp-json\/wp\/v2\/tags?post=59873"}],"curies":[{"name":"wp","href":"https:\/\/api.w.org\/{rel}","templated":true}]}}