{"id":59878,"date":"2026-09-04T19:50:26","date_gmt":"2026-09-05T01:50:26","guid":{"rendered":"https:\/\/magazineautomotor.com.mx\/sitio\/?p=59878"},"modified":"2026-09-04T19:53:52","modified_gmt":"2026-09-05T01:53:52","slug":"volvo-cars-vendio-148-mil-unidades-en-los-tres-meses-anteriores","status":"publish","type":"post","link":"https:\/\/magazineautomotor.com.mx\/sitio\/volvo-cars-vendio-148-mil-unidades-en-los-tres-meses-anteriores\/","title":{"rendered":"Volvo Cars vendi\u00f3 148 mil unidades en los tres meses anteriores"},"content":{"rendered":"<div class=\"fcbkbttn_buttons_block\" id=\"fcbkbttn_left\"><div class=\"fcbkbttn_like \"><fb:like href=\"https:\/\/magazineautomotor.com.mx\/sitio\/volvo-cars-vendio-148-mil-unidades-en-los-tres-meses-anteriores\/\" action=\"like\" colorscheme=\"light\" layout=\"standard\"  width=\"450px\" size=\"small\"><\/fb:like><\/div><div class=\"fb-share-button  \" data-href=\"https:\/\/magazineautomotor.com.mx\/sitio\/volvo-cars-vendio-148-mil-unidades-en-los-tres-meses-anteriores\/\" data-type=\"button_count\" data-size=\"small\"><\/div><\/div><div class=\"pntrst_main_before_after\"><div class=\"pntrst-button-wrap \" >\r\n\t\t\t\t\t\t\t<a  data-pin-do=\"buttonFollow\" href=\"https:\/\/www.pinterest.com\/Magazine Automotor\/\">Follow me<\/a>\r\n\t\t\t\t\t\t<\/div><\/div><div class=\"twttr_buttons\"><div class=\"twttr_twitter\">\n\t\t\t\t\t<a href=\"http:\/\/twitter.com\/share?text=Volvo+Cars+vendi%C3%B3+148+mil+unidades+en+los+tres+meses+anteriores\" class=\"twitter-share-button\" data-via=\"@magazinedeautos\" data-hashtags=\"\"  data-size=\"default\" data-url=\"https:\/\/magazineautomotor.com.mx\/sitio\/volvo-cars-vendio-148-mil-unidades-en-los-tres-meses-anteriores\/\"  data-related=\"magazinedeautos\" target=\"_blank\">Tweet<\/a>\n\t\t\t\t<\/div><div class=\"twttr_followme\">\n\t\t\t\t\t\t<a href=\"https:\/\/twitter.com\/@magazinedeautos\" class=\"twitter-follow-button\" data-size=\"default\"  data-show-screen-name=\"true\"  target=\"_blank\">Follow me<\/a>\n\t\t\t\t\t<\/div><\/div>\n<ul class=\"wp-block-list\">\n<li>7.4% menos que en el mismo periodo del 2025<\/li>\n\n\n\n<li>La venta de sus veh\u00edculos electrificados subi\u00f3 13%<\/li>\n<\/ul>\n\n\n\n<p class=\"wp-block-paragraph\"><br>Volvo Cars reporta unas ventas mundiales de 148,239 veh\u00edculos durante el trimestre comprendido entre junio y agosto de 2026, lo que les supone un descenso de 7.4% en comparaci\u00f3n con el mismo periodo del a\u00f1o anterior.<\/p>\n\n\n\n<p class=\"wp-block-paragraph\">Las ventas de modelos electrificados de la compa\u00f1\u00eda (tanto el\u00e9ctricos como h\u00edbridos enchufables) aumentaron 13% y representaron el 53.5 % del total de veh\u00edculos vendidos en dicho trimestre. Los veh\u00edculos totalmente el\u00e9ctricos fueron el 29% del total, mientras que los modelos h\u00edbridos enchufables representaron el 24.5%.<\/p>\n\n\n\n<p class=\"wp-block-paragraph\">Las ventas trimestrales se vieron afectadas considerablemente por la persistente desaceleraci\u00f3n del mercado en China, provocada por una mayor presi\u00f3n competitiva y un entorno macroecon\u00f3mico d\u00e9bil. En Estados Unidos, la menor demanda de veh\u00edculos el\u00e9ctricos e h\u00edbridos enchufables dio lugar a una evoluci\u00f3n m\u00e1s floja de las ventas. En t\u00e9rminos generales, el sector de la automoci\u00f3n, incluido el segmento premium, sigue bajo presi\u00f3n en todas las regiones.<\/p>\n\n\n\n<p class=\"wp-block-paragraph\">\u00abDadas las dif\u00edciles condiciones del mercado en China y Estados Unidos, estamos priorizando la protecci\u00f3n de los precios de transacci\u00f3n frente al crecimiento del volumen\u00bb, declar\u00f3 Erik Severinson, director comercial de Volvo Cars. \u00abEn Europa, nos sentimos alentados por el comportamiento constante de nuestros veh\u00edculos totalmente el\u00e9ctricos. El crecimiento de los pedidos de clientes para el modelo EX60 sigue superando nuestras expectativas\u00bb.<\/p>\n\n\n\n<p class=\"wp-block-paragraph\"><\/p>\n\n\n\n<figure class=\"wp-block-table\"><table class=\"has-fixed-layout\"><tbody><tr><td class=\"has-text-align-center\" data-align=\"center\">&nbsp;<\/td><td class=\"has-text-align-center\" data-align=\"center\"><strong>June &#8211; Aug<\/strong>&nbsp;<\/td><td class=\"has-text-align-center\" data-align=\"center\"><strong>June &#8211; Aug<\/strong>&nbsp;<\/td><td><strong>y-o-y<\/strong>&nbsp;<\/td><\/tr><tr><td class=\"has-text-align-center\" data-align=\"center\">&nbsp;<\/td><td class=\"has-text-align-center\" data-align=\"center\"><strong>2026<\/strong>&nbsp;<\/td><td class=\"has-text-align-center\" data-align=\"center\"><strong>2025<\/strong>&nbsp;<\/td><td><strong>Change (%)<\/strong>&nbsp;<\/td><\/tr><tr><td class=\"has-text-align-center\" data-align=\"center\">&nbsp;<\/td><td class=\"has-text-align-center\" data-align=\"center\">&nbsp;<\/td><td class=\"has-text-align-center\" data-align=\"center\">&nbsp;<\/td><td>&nbsp;<\/td><\/tr><tr><td class=\"has-text-align-center\" data-align=\"center\"><strong>Total<\/strong>&nbsp;<\/td><td class=\"has-text-align-center\" data-align=\"center\"><strong>148,239<\/strong>&nbsp;<\/td><td class=\"has-text-align-center\" data-align=\"center\"><strong>160,160<\/strong>&nbsp;<\/td><td><strong>-7%<\/strong>&nbsp;<\/td><\/tr><tr><td class=\"has-text-align-center\" data-align=\"center\">Electrified&nbsp;models&nbsp;<\/td><td class=\"has-text-align-center\" data-align=\"center\"><strong>79,336<\/strong>&nbsp;<\/td><td class=\"has-text-align-center\" data-align=\"center\"><strong>70,494<\/strong>&nbsp;<\/td><td><strong>13%<\/strong>&nbsp;<\/td><\/tr><tr><td class=\"has-text-align-center\" data-align=\"center\">\u202f-&nbsp;Fully&nbsp;electric&nbsp;<\/td><td class=\"has-text-align-center\" data-align=\"center\">42,941&nbsp;<\/td><td class=\"has-text-align-center\" data-align=\"center\">33,789&nbsp;<\/td><td>27%&nbsp;<\/td><\/tr><tr><td class=\"has-text-align-center\" data-align=\"center\">\u202f- Plug-in hybrid&nbsp;<\/td><td class=\"has-text-align-center\" data-align=\"center\">36,395&nbsp;<\/td><td class=\"has-text-align-center\" data-align=\"center\">36,705&nbsp;<\/td><td>-1%&nbsp;<\/td><\/tr><tr><td class=\"has-text-align-center\" data-align=\"center\">Mild hybrids\/ICE&nbsp;<\/td><td class=\"has-text-align-center\" data-align=\"center\"><strong>68,903<\/strong>&nbsp;<\/td><td class=\"has-text-align-center\" data-align=\"center\"><strong>89,666<\/strong>&nbsp;<\/td><td><strong>-23%<\/strong>&nbsp;<\/td><\/tr><\/tbody><\/table><\/figure>\n<div class=\"pntrst_main_before_after\"><\/div>","protected":false},"excerpt":{"rendered":"<p>Follow me Volvo Cars reporta unas ventas mundiales de 148,239 veh\u00edculos durante el trimestre comprendido entre junio y agosto de 2026, lo que les supone&hellip; <\/p>\n","protected":false},"author":2,"featured_media":59881,"comment_status":"open","ping_status":"","sticky":false,"template":"","format":"standard","meta":{"_seopress_titles_title":"","_seopress_titles_desc":"","_seopress_robots_index":"","_seopress_robots_follow":"","_seopress_robots_imageindex":"","_seopress_robots_snippet":"","_seopress_robots_primary_cat":"","_seopress_robots_breadcrumbs":"","_seopress_robots_freeze_modified_date":"","_seopress_robots_custom_modified_date":"","_seopress_robots_canonical":"","_seopress_social_fb_title":"","_seopress_social_fb_desc":"","_seopress_social_fb_img":"","_seopress_social_fb_img_attachment_id":0,"_seopress_social_fb_img_width":0,"_seopress_social_fb_img_height":0,"_seopress_social_twitter_title":"","_seopress_social_twitter_desc":"","_seopress_social_twitter_img":"","_seopress_social_twitter_img_attachment_id":0,"_seopress_social_twitter_img_width":0,"_seopress_social_twitter_img_height":0,"_seopress_redirections_value":"","_seopress_redirections_enabled":"","_seopress_redirections_enabled_regex":"","_seopress_redirections_logged_status":"","_seopress_redirections_param":"","_seopress_redirections_type":0,"_seopress_analysis_target_kw":"","footnotes":""},"categories":[2310],"tags":[575,272,681],"class_list":["post-59878","post","type-post","status-publish","format-standard","has-post-thumbnail","hentry","category-internacionales","tag-reporte","tag-ventas","tag-volvo"],"_links":{"self":[{"href":"https:\/\/magazineautomotor.com.mx\/sitio\/wp-json\/wp\/v2\/posts\/59878","targetHints":{"allow":["GET"]}}],"collection":[{"href":"https:\/\/magazineautomotor.com.mx\/sitio\/wp-json\/wp\/v2\/posts"}],"about":[{"href":"https:\/\/magazineautomotor.com.mx\/sitio\/wp-json\/wp\/v2\/types\/post"}],"author":[{"embeddable":true,"href":"https:\/\/magazineautomotor.com.mx\/sitio\/wp-json\/wp\/v2\/users\/2"}],"replies":[{"embeddable":true,"href":"https:\/\/magazineautomotor.com.mx\/sitio\/wp-json\/wp\/v2\/comments?post=59878"}],"version-history":[{"count":1,"href":"https:\/\/magazineautomotor.com.mx\/sitio\/wp-json\/wp\/v2\/posts\/59878\/revisions"}],"predecessor-version":[{"id":59880,"href":"https:\/\/magazineautomotor.com.mx\/sitio\/wp-json\/wp\/v2\/posts\/59878\/revisions\/59880"}],"wp:featuredmedia":[{"embeddable":true,"href":"https:\/\/magazineautomotor.com.mx\/sitio\/wp-json\/wp\/v2\/media\/59881"}],"wp:attachment":[{"href":"https:\/\/magazineautomotor.com.mx\/sitio\/wp-json\/wp\/v2\/media?parent=59878"}],"wp:term":[{"taxonomy":"category","embeddable":true,"href":"https:\/\/magazineautomotor.com.mx\/sitio\/wp-json\/wp\/v2\/categories?post=59878"},{"taxonomy":"post_tag","embeddable":true,"href":"https:\/\/magazineautomotor.com.mx\/sitio\/wp-json\/wp\/v2\/tags?post=59878"}],"curies":[{"name":"wp","href":"https:\/\/api.w.org\/{rel}","templated":true}]}}